{"id":8468,"date":"2024-03-10T20:42:18","date_gmt":"2024-03-10T19:42:18","guid":{"rendered":"https:\/\/vasculartherapydevice.com\/?p=8468"},"modified":"2024-03-10T20:42:39","modified_gmt":"2024-03-10T19:42:39","slug":"idoskori-errendszeri-egeszseg-es-bemer-keszulek","status":"publish","type":"post","link":"https:\/\/vasculartherapydevice.com\/hu\/geriatric-vascular-health-and-bemer-device\/","title":{"rendered":"Az \u00e9rrendszeri eg\u00e9szs\u00e9g el\u0151mozd\u00edt\u00e1sa az id\u0151sek k\u00f6r\u00e9ben: Bemer Device Therapy Insights"},"content":{"rendered":"<p>Ahogy belemer\u00fcl\u00fcnk a geri\u00e1triai \u00e9rrendszeri eg\u00e9szs\u00e9g bonyolults\u00e1g\u00e1ba, az id\u0151sebbek sz\u00edv- \u00e9s \u00e9rrendszeri ell\u00e1t\u00e1s\u00e1nak jelent\u0151s\u00e9ge egyre nyilv\u00e1nval\u00f3bb\u00e1 v\u00e1lik. A Bemer-ter\u00e1pia megjelen\u00e9se, amely \u00fatt\u00f6r\u0151 megk\u00f6zel\u00edt\u00e9st jelent a kering\u00e9sjav\u00edt\u00e1s ter\u00fclet\u00e9n, v\u00edzv\u00e1laszt\u00f3 pillanatot jelent az id\u0151sek j\u00f3l\u00e9te szempontj\u00e1b\u00f3l. Az elektrom\u00e1gneses mez\u0151ter\u00e1pi\u00e1ban rejl\u0151 lehet\u0151s\u00e9geket kihaszn\u00e1lva a Bemer-eszk\u00f6z\u00f6k a rem\u00e9ny jelz\u0151f\u00e9nyeiv\u00e9 v\u00e1lnak az id\u0151s\u00f6d\u0151 n\u00e9pess\u00e9g kering\u00e9si integrit\u00e1s\u00e1nak meg\u0151rz\u00e9s\u00e9re ir\u00e1nyul\u00f3 t\u00f6rekv\u00e9sekben.<\/p>\n<p>A Bemer-technol\u00f3gia alkalmaz\u00e1s\u00e1t az id\u0151sgondoz\u00e1s ter\u00fclet\u00e9n sz\u00e1mos kutat\u00e1s t\u00e1masztja al\u00e1, amelyek meger\u0151s\u00edtik a Bemer-technol\u00f3gia mint nem invaz\u00edv m\u00f3dszer hat\u00e9konys\u00e1g\u00e1t. A robusztus mikrokering\u00e9si eg\u00e9szs\u00e9g fontoss\u00e1g\u00e1t hangs\u00falyozva a Bemer meggy\u0151z\u0151 megold\u00e1st k\u00edn\u00e1l az id\u0151skorral \u00f6sszef\u00fcgg\u0151 kering\u00e9si kih\u00edv\u00e1sokra, amelyek jellemz\u0151ek az id\u0151skori \u00e9letre. Ter\u00e1pi\u00e1s protokollj\u00e1nak k\u00f6z\u00e9ppontj\u00e1ban az elektrom\u00e1gneses mez\u0151k befoly\u00e1sol\u00f3 hat\u00e1sa \u00e1ll, amelyek m\u00e9lyrehat\u00f3 hat\u00e1s\u00e1t az \u00e9rmozg\u00e1sra \u00e9s az \u00e1ltal\u00e1nos mikrohemodinamikai funkcionalit\u00e1sra vizsg\u00e1lt\u00e1k.<\/p>\n<p>Bemer szerepe az \u00e9rrendszer eg\u00e9szs\u00e9g\u00e9nek t\u00e1mogat\u00e1s\u00e1ban val\u00f3ban kulcsfontoss\u00e1g\u00fa. K\u00f6vetkezetes haszn\u00e1lata a mikrocirkul\u00e1ci\u00f3 jav\u00edt\u00e1s\u00e1n kereszt\u00fcl a vitalit\u00e1s fogalm\u00e1t helyezi a k\u00f6z\u00e9ppontba, amely invaz\u00edv elj\u00e1r\u00e1sok n\u00e9lk\u00fcl k\u00edn\u00e1l utat a fokozott id\u0151skori eg\u00e9szs\u00e9ghez. A geri\u00e1triai wellness fejl\u0151d\u0151 narrat\u00edv\u00e1j\u00e1ban a Bemer kulcsfontoss\u00e1g\u00fa szerepl\u0151k\u00e9nt t\u0171nik ki, \u00fajradefini\u00e1lva az \u00f6reged\u0151 demogr\u00e1fia sz\u00edv- \u00e9s \u00e9rrendszeri kezel\u00e9s\u00e9nek megk\u00f6zel\u00edt\u00e9s\u00e9t. Maradjon vel\u00fcnk, ahogy tov\u00e1bb navig\u00e1lunk a Bemer ter\u00e1pia el\u0151nyeibe \u00e9s mechanizmusaiba, amelyek meger\u0151s\u00edtik a Bemer ter\u00e1pia hely\u00e9t az optim\u00e1lis \u00f6reged\u00e9s el\u0151seg\u00edt\u00e9s\u00e9ben.<\/p>\n<h2>Az \u00e9rrendszeri eg\u00e9szs\u00e9g fontoss\u00e1ga az id\u0151skor\u00faak k\u00f6r\u00e9ben<\/h2>\n<p>Ahogy a test el\u0151rehalad a korral, az \u00e9rrendszer integrit\u00e1s\u00e1nak fenntart\u00e1sa kulcsfontoss\u00e1g\u00fa kih\u00edv\u00e1ss\u00e1 v\u00e1lik az id\u0151skori eg\u00e9szs\u00e9g\u00fcgyi ell\u00e1t\u00e1sban. Az \u00f6reged\u00e9s \u00f6sszetetts\u00e9ge sz\u00e1mos \u00e9rrendszeri kih\u00edv\u00e1st jelent, amelyek vesz\u00e9lyeztetik az id\u0151skori sz\u00edv- \u00e9s \u00e9rrendszeri rendszert. Ezeknek a bonyolults\u00e1goknak a meg\u00e9rt\u00e9s\u00e9n kereszt\u00fcl lehet \u00e9rt\u00e9kelni az \u00e9rrendszeri eg\u00e9szs\u00e9g fenntart\u00e1s\u00e1nak elengedhetetlen jelleg\u00e9t, hogy meg\u0151rizz\u00fck a nyugalmat az id\u0151sebb n\u00e9pess\u00e9g\u00fcnk \u00e9let\u00e9ben.<\/p>\n<h3>Az id\u0151skori \u00e9rrendszeri kih\u00edv\u00e1sok meg\u00e9rt\u00e9se<\/h3>\n<p>Az \u00e9letkor el\u0151rehaladt\u00e1val elker\u00fclhetetlen v\u00e1ltoz\u00e1sok k\u00f6vetkeznek be, amelyek megbonthatj\u00e1k a j\u00f3l m\u0171k\u00f6d\u0151 sz\u00edv- \u00e9s \u00e9rrendszer k\u00e9nyes egyens\u00faly\u00e1t. Az id\u0151skorban az ilyen zavarok gyakran \u00fagy jelentkeznek, hogy az erek cs\u00f6kkent m\u00e9rt\u00e9kben k\u00e9pesek el\u0151seg\u00edteni a megfelel\u0151 v\u00e9r\u00e1raml\u00e1st, ami s\u00falyosb\u00edtja a k\u00fcl\u00f6nb\u00f6z\u0151 \u00e1llapotokhoz kapcsol\u00f3d\u00f3 kock\u00e1zatokat - a diab\u00e9teszes polineurop\u00e1tia egy figyelemre m\u00e9lt\u00f3 p\u00e9lda erre. Ezek az \u00f6reged\u00e9s \u00e1ltal el\u0151id\u00e9zett, eredend\u0151 \u00e9rrendszeri kih\u00edv\u00e1sok er\u0151teljes beavatkoz\u00e1si strat\u00e9gi\u00e1kat tesznek sz\u00fcks\u00e9gess\u00e9 az id\u0151sek kardiovaszkul\u00e1ris j\u00f3l\u00e9t\u00e9re gyakorolt hat\u00e1sok enyh\u00edt\u00e9se \u00e9rdek\u00e9ben.<\/p>\n<h3>A jobb kering\u00e9s hat\u00e1sa az id\u0151sek j\u00f3l\u00e9t\u00e9re<\/h3>\n<p>A Bemer k\u00e9sz\u00fcl\u00e9k innovat\u00edv v\u00e1laszk\u00e9nt jelent meg az id\u0151skor\u00faak k\u00f6z\u00f6ss\u00e9g\u00e9nek a kering\u00e9s jav\u00edt\u00e1s\u00e1t c\u00e9lz\u00f3, nem invaz\u00edv ter\u00e1pi\u00e1s lehet\u0151s\u00e9gek ir\u00e1nti ig\u00e9ny\u00e9re. K\u00f6vetkez\u00e9sk\u00e9ppen a Bemer ter\u00e1pia el\u0151nyei sokr\u00e9t\u0171ek, az \u00e9letmin\u0151s\u00e9get jav\u00edtj\u00e1k az \u00e9rmozg\u00e1si ritmusok feler\u0151s\u00edt\u00e9s\u00e9n kereszt\u00fcl, \u00e9s \u00edgy optimaliz\u00e1lj\u00e1k a t\u00e1panyag- \u00e9s oxig\u00e9nsz\u00e1ll\u00edt\u00e1st, valamint a salakanyagok elt\u00e1vol\u00edt\u00e1s\u00e1t. A Bemer k\u00e9sz\u00fcl\u00e9k hat\u00e9konys\u00e1ga a sziszt\u00e9m\u00e1s kering\u00e9s er\u0151s\u00edt\u00e9s\u00e9ben illusztr\u00e1lja a k\u00e9sz\u00fcl\u00e9k figyelemre m\u00e9lt\u00f3 lehet\u0151s\u00e9geit az id\u0151sebbek eg\u00e9szs\u00e9g\u00e9nek jav\u00edt\u00e1s\u00e1ban, k\u00fcl\u00f6n\u00f6s tekintettel az \u00e1ltal\u00e1nos sejtm\u0171k\u00f6d\u00e9s \u00e9s a vitalit\u00e1s er\u0151s\u00edt\u00e9s\u00e9re.<\/p>\n<p>A jobb kering\u00e9s az er\u0151s id\u0151skori sz\u00edv- \u00e9s \u00e9rrendszer egyik jellemz\u0151je, \u00e9s hozz\u00e1j\u00e1rul a kering\u00e9si zavarokhoz kapcsol\u00f3d\u00f3 sz\u00f6v\u0151dm\u00e9nyek cs\u00f6kkent\u00e9s\u00e9hez. Ez az az alap, amelyre az id\u0151sek \u00e9letmin\u0151s\u00e9ge \u00e9p\u00edthet\u0151, a Bemer-ter\u00e1pia alkalmaz\u00e1s\u00e1val a fokozott v\u00e9r\u00e1raml\u00e1s erej\u00e9t kihaszn\u00e1lva, amelynek hat\u00e1sai rem\u00e9nysug\u00e1rk\u00e9nt szolg\u00e1lnak az \u00f6reged\u00e9ssel j\u00e1r\u00f3 kering\u00e9si zavarok spektrum\u00e1nak kezel\u00e9s\u00e9ben.<\/p>\n<h2>Geri\u00e1triai \u00e9rrendszeri eg\u00e9szs\u00e9g \u00e9s Bemer eszk\u00f6z<\/h2>\n<p>Az \u00f6reged\u00e9s \u00e9s az \u00e9rrendszeri eg\u00e9szs\u00e9g keresztez\u0151d\u00e9se sz\u00e1mos kih\u00edv\u00e1st jelent, de a technol\u00f3gia fejl\u0151d\u00e9se \u00edg\u00e9retes megold\u00e1sokat k\u00edn\u00e1l. Ezek k\u00f6z\u00fcl a Bemer k\u00e9sz\u00fcl\u00e9k jelent\u0151s m\u00e9rt\u00e9kben hozz\u00e1j\u00e1rult a k\u00f6vetkez\u0151kh\u00f6z <em>id\u0151skori kering\u00e9sjav\u00edt\u00e1s<\/em>. A Bemer-f\u00e9le \u00e9rter\u00e1pia egyed\u00fcl\u00e1ll\u00f3 form\u00e1j\u00e1t alkalmazva ez az orvosi eszk\u00f6z alacsony frekvenci\u00e1j\u00fa elektrom\u00e1gneses mez\u0151ket bocs\u00e1t ki, amelyeket kifejezetten a mikrovaszkul\u00e1ris funkci\u00f3k t\u00e1mogat\u00e1s\u00e1ra terveztek - ami kritikus az id\u0151sek sz\u00e1m\u00e1ra.<\/p>\n<p>Mivel a v\u00e9r a testben l\u00e9v\u0151 apr\u00f3 erek hatalmas h\u00e1l\u00f3zat\u00e1n kereszt\u00fcl \u00e1ramlik, a Bemer k\u00e9sz\u00fcl\u00e9k pontosan ezeket a mikroereket c\u00e9lozza meg. Ez\u00e1ltal \u00f6szt\u00f6nzi az \u00e9rrendszerek \u00f6nszab\u00e1lyoz\u00e1s\u00e1t. A Bemer ter\u00e1pi\u00e1s hat\u00e1sait apr\u00f3l\u00e9kosan elemezt\u00e9k, \u00e9s a k\u00f6vetkez\u0151k javul\u00e1s\u00e1t mutatt\u00e1k ki <em>mikrovaszkul\u00e1ris funkci\u00f3<\/em>, ami k\u00fcl\u00f6n\u00f6sen el\u0151ny\u00f6s az id\u0151sebbek sz\u00e1m\u00e1ra, mivel az \u00e9letkorral \u00f6sszef\u00fcgg\u0151 v\u00e1ltoz\u00e1sok miatt kisebb ereiknek neh\u00e9zs\u00e9gei lehetnek a kering\u00e9ssel.<\/p>\n<p>Az ilyen modul\u00e1ci\u00f3 r\u00e9v\u00e9n a Bemer k\u00e9sz\u00fcl\u00e9k \u00e1ltal alkalmazott ter\u00e1pia a sejtek energiatermel\u00e9s\u00e9nek befoly\u00e1sol\u00e1s\u00e1ra is kiterjed. Ez l\u00e9tfontoss\u00e1g\u00fa a sejtm\u0171k\u00f6d\u00e9s \u00e9s a regener\u00e1ci\u00f3 fenntart\u00e1s\u00e1hoz - a szervezet gy\u00f3gyul\u00e1si folyamatainak l\u00e9nyegi elemei. Laikusan fogalmazva, a ter\u00e1pia seg\u00edti a testet abban, amit az term\u00e9szetes m\u00f3don tesz, de olyan fokoz\u00e1ssal, amely figyelembe veszi az id\u0151sek \u00e1rnyalt fiziol\u00f3giai ig\u00e9nyeit.<\/p>\n<p>A Bemer-f\u00e9le \u00e9rter\u00e1pia m\u00e9lyrehat\u00f3 hat\u00e1s\u00e1nak legjobb meg\u00e9rt\u00e9s\u00e9hez tekints\u00fck \u00e1t annak szerep\u00e9t a kapill\u00e1risok auton\u00f3m v\u00e9r\u00e1raml\u00e1s\u00e1nak el\u0151seg\u00edt\u00e9s\u00e9ben \u00e9s fenntart\u00e1s\u00e1ban. Ez l\u00e9tfontoss\u00e1g\u00fa a sz\u00f6vetek \u00e9s szervek t\u00e1pl\u00e1l\u00e1s\u00e1hoz, \u00e9s ez az ig\u00e9ny az \u00e9letkor el\u0151rehaladt\u00e1val fokoz\u00f3dhat. A mikrovaszkul\u00e1ris szint\u0171 kering\u00e9s optimaliz\u00e1l\u00e1s\u00e1val a Bemer k\u00e9sz\u00fcl\u00e9k l\u00e9nyeg\u00e9ben t\u00e1mogatja a szervezet term\u00e9szetes helyre\u00e1ll\u00edt\u00f3 funkci\u00f3it, el\u0151seg\u00edtve az id\u0151sek jobb eg\u00e9szs\u00e9gi \u00e1llapot\u00e1t.<\/p>\n<p>L\u00e9nyeg\u00e9ben a Bemer k\u00e9sz\u00fcl\u00e9k kulcsfontoss\u00e1g\u00fa sz\u00f6vets\u00e9gesk\u00e9nt m\u0171k\u00f6dik az id\u0151skori \u00e9rrendszeri eg\u00e9szs\u00e9g ter\u00fclet\u00e9n, biztos\u00edtva, hogy az emberi testet \u00e1tszel\u0151 apr\u00f3, m\u00e9gis hatalmas erek tov\u00e1bbra is hat\u00e9konyan m\u0171k\u00f6djenek, el\u0151seg\u00edtve az \u00e9letmin\u0151s\u00e9get, amelyet minden egy\u00e9n meg\u00e9rdemel, kort\u00f3l f\u00fcggetlen\u00fcl.<\/p>\n<h2>A Bemer-ter\u00e1pia alapelvei: Bemer: A mikrocirkul\u00e1ci\u00f3 fokoz\u00e1sa<\/h2>\n<p>A Bemer-ter\u00e1pia hat\u00e9konys\u00e1ga m\u00e9lyen gy\u00f6kerezik az elektrom\u00e1gneses mez\u0151 felfedez\u00e9s\u00e9ben, amely \u00e1talak\u00edtotta az orvosi beavatkoz\u00e1si strat\u00e9gi\u00e1kat. Ezek a felfedez\u00e9sek megnyitott\u00e1k az utat a nem invaz\u00edv kezel\u00e9sek el\u0151tt, amelyek befoly\u00e1solj\u00e1k a szervezet term\u00e9szetes gy\u00f3gyul\u00e1si folyamatait \u00e9s jav\u00edtj\u00e1k a k\u00f6z\u00e9rzetet.<\/p>\n<h3>T\u00f6rt\u00e9nelmi kontextus: Az elektrom\u00e1gneses mez\u0151k \u00e9s biol\u00f3giai hat\u00e1saik felfedez\u00e9se<\/h3>\n<p>Az elektrom\u00e1gneses mez\u0151k (EMF) kutat\u00e1sa sor\u00e1n jelent\u0151s biol\u00f3giai hat\u00e1sokat t\u00e1rtak fel, ami befoly\u00e1solta az innovat\u00edv orvosi ter\u00e1pi\u00e1k fejleszt\u00e9s\u00e9t. Az EMF-ek meg\u00e9rt\u00e9se, amelyet t\u00f6bbek k\u00f6z\u00f6tt Gilbert \u00e9s \u00d8rsted tud\u00f3sok k\u00edv\u00e1ncsi munk\u00e1ja ind\u00edtott el, sz\u00e1mos orvosi alkalmaz\u00e1sban val\u00f3 felhaszn\u00e1l\u00e1sukhoz vezetett, jav\u00edtva a betegell\u00e1t\u00e1st \u00e9s a kezel\u00e9si eredm\u00e9nyeket.<\/p>\n<h3>A Bemer k\u00e9sz\u00fcl\u00e9k m\u0171k\u00f6d\u00e9se m\u00f6g\u00f6tti tudom\u00e1nyos mechanizmusok<\/h3>\n<p>A Bemer k\u00e9sz\u00fcl\u00e9k mechanizmus\u00e1nak k\u00f6z\u00e9ppontj\u00e1ban az elektrom\u00e1gneses stimul\u00e1ci\u00f3 haszn\u00e1lata \u00e1ll. Ez a technol\u00f3gia impulzusos elektrom\u00e1gneses mez\u0151ket haszn\u00e1l a szervezet saj\u00e1t \u00e9rrendszeri autoregul\u00e1ci\u00f3j\u00e1nak aktiv\u00e1l\u00e1s\u00e1ra, ami v\u00e9gs\u0151 soron a mikrokering\u00e9si rendszer javul\u00e1s\u00e1t eredm\u00e9nyezi. Az elektrom\u00e1gneses stimul\u00e1ci\u00f3 r\u00e9v\u00e9n a Bemer k\u00e9sz\u00fcl\u00e9k el\u0151seg\u00edti az art\u00e9ri\u00e1s \u00e9rmozg\u00e1st, vagyis az \u00e9rfalak rezg\u00e9s\u00e9t, ami elengedhetetlen a v\u00e9r hat\u00e9kony eloszl\u00e1s\u00e1hoz a sz\u00f6vetekben \u00e9s a szervekben.<\/p>\n<h3>Bemer szerepe az \u00e9rrendszeri autoregul\u00e1ci\u00f3s mechanizmusok stimul\u00e1l\u00e1s\u00e1ban<\/h3>\n<p>A Bemer ter\u00e1pi\u00e1s hat\u00e1sai k\u00fcl\u00f6n\u00f6sen az \u00e9rrendszeri autoregul\u00e1ci\u00f3 serkent\u00e9s\u00e9ben mutatkoznak meg. Ez kritikus fontoss\u00e1g\u00fa az arteriol\u00e1k, az erek eg\u00e9szs\u00e9g\u00e9nek \u00e9s m\u0171k\u00f6d\u00e9s\u00e9nek fokoz\u00e1s\u00e1ban, amelyek kulcsszerepet j\u00e1tszanak a test k\u00fcl\u00f6nb\u00f6z\u0151 r\u00e9szeibe t\u00f6rt\u00e9n\u0151 v\u00e9r\u00e1raml\u00e1s szab\u00e1lyoz\u00e1s\u00e1ban. Klinikai vizsg\u00e1latok igazolt\u00e1k a Bemer-ter\u00e1pia hat\u00e9konys\u00e1g\u00e1t, kimutatt\u00e1k a v\u00e9r\u00e1raml\u00e1s szab\u00e1lyoz\u00e1s\u00e1ra gyakorolt jelent\u0151s hat\u00e1s\u00e1t, \u00e9s hozz\u00e1j\u00e1rultak a mikrokering\u00e9si zavarok jav\u00edt\u00e1s\u00e1t c\u00e9lz\u00f3 ter\u00e1pi\u00e1s strat\u00e9gi\u00e1khoz.<\/p>\n<p>Ezen elvek meg\u00e9rt\u00e9s\u00e9vel \u00e9s kihaszn\u00e1l\u00e1s\u00e1val a Bemer-ter\u00e1pia \u00e1tfog\u00f3an hozz\u00e1j\u00e1rul a mikrocirkul\u00e1ci\u00f3 \u00e9s az \u00e9rrendszer eg\u00e9szs\u00e9g\u00e9nek jav\u00edt\u00e1s\u00e1hoz, \u00edg\u00e9retes ter\u00e1pi\u00e1s megk\u00f6zel\u00edt\u00e9st k\u00edn\u00e1lva sz\u00e1mos \u00e1llapot kezel\u00e9s\u00e9re.<\/p>\n<h2>Esettanulm\u00e1nyok \u00e9s klinikai betekint\u00e9s a Bemer ter\u00e1pia eredm\u00e9nyeibe<\/h2>\n<p>A Bemer-ter\u00e1pia hat\u00e9konys\u00e1g\u00e1t az eg\u00e9szs\u00e9g \u00e9s a j\u00f3l\u00e9t el\u0151mozd\u00edt\u00e1s\u00e1ban az esettanulm\u00e1nyok \u00e9s klinikai eredm\u00e9nyek egyre b\u0151v\u00fcl\u0151 t\u00e1rh\u00e1za bizony\u00edtja. Ezek a val\u00f3s vizsg\u00e1latok kiemelik a Bemer-ter\u00e1pia hat\u00e9konys\u00e1g\u00e1t, k\u00fcl\u00f6n\u00f6sen a k\u00fcl\u00f6nb\u00f6z\u0151 demogr\u00e1fiai csoportokat \u00e9rint\u0151 kr\u00f3nikus \u00e1llapotok kezel\u00e9s\u00e9ben. A tanulm\u00e1nyokba val\u00f3 belemer\u00fcl\u00e9s olyan leny\u0171g\u00f6z\u0151 elbesz\u00e9l\u00e9sekkel szolg\u00e1l, amelyek a Bemer mikrokering\u00e9s-jav\u00edt\u00f3 megk\u00f6zel\u00edt\u00e9s\u00e9nek elj\u00e1r\u00e1si sikereir\u0151l tan\u00faskodnak.<\/p>\n<p>A Bemer-ter\u00e1pi\u00e1s esettanulm\u00e1nyok egyik ilyen csoportja a mozg\u00e1sszervi betegs\u00e9gekre \u00f6sszpontos\u00edt, ahol a betegek a t\u00fcnetek jelent\u0151s enyh\u00fcl\u00e9s\u00e9r\u0151l sz\u00e1moltak be. P\u00e9ld\u00e1ul az olyan betegs\u00e9gekben szenved\u0151k, mint az osteoarthritis vagy az \u00e1ltal\u00e1nos kr\u00f3nikus f\u00e1jdalom, \u00fagy tal\u00e1lt\u00e1k, hogy a Bemer-ter\u00e1pia seg\u00edt a f\u00e1jdalom cs\u00f6kkent\u00e9s\u00e9ben \u00e9s a mobilit\u00e1s jav\u00edt\u00e1s\u00e1ban, ez\u00e1ltal jav\u00edtva az \u00e9letmin\u0151s\u00e9get. Hasonl\u00f3k\u00e9ppen, a szkler\u00f3zis multiplexben szenved\u0151 betegek a Bemer-kezel\u00e9sek sor\u00e1n a f\u00e1radts\u00e1g szintj\u00e9nek \u00e9s az \u00e1ltal\u00e1nos fizikai funkci\u00f3nak a jelent\u0151s javul\u00e1s\u00e1t tapasztalt\u00e1k.<\/p>\n<p>A Bemer-ter\u00e1pi\u00e1s esettanulm\u00e1nyok r\u00e1ad\u00e1sul a kognit\u00edv k\u00e1rosod\u00e1sok ter\u00fclet\u00e9re is kiterjednek, \u00e9s az el\u0151zetes adatok arra utalnak, hogy a jobb kering\u00e9s \u00f6sszef\u00fcgghet a kognit\u00edv javul\u00e1ssal. Ez k\u00fcl\u00f6n\u00f6sen fontos, ha figyelembe vessz\u00fck az olyan \u00e1llapotok lehets\u00e9ges k\u00f6vetkezm\u00e9nyeit, mint a demencia vagy az \u00e9letkorral \u00f6sszef\u00fcgg\u0151 kognit\u00edv hanyatl\u00e1s, ami hidat k\u00e9pez az \u00e9rter\u00e1pia \u00e9s az idegrendszeri eg\u00e9szs\u00e9g k\u00f6z\u00f6tt - egy olyan kil\u00e1t\u00e1s, amely tov\u00e1bbi, kiterjedtebb kutat\u00e1st ig\u00e9nyel.<\/p>\n<p>A t\u00fcneti enyh\u00edt\u00e9sen k\u00edv\u00fcl a Bemer-ter\u00e1pi\u00e1t a kezel\u00e9s hat\u00e9konys\u00e1ga miatt is kutatt\u00e1k speci\u00e1lisabb orvosi forgat\u00f3k\u00f6nyvekben, p\u00e9ld\u00e1ul a r\u00e1kos sejtek sug\u00e1r\u00e9rz\u00e9kenys\u00e9g\u00e9nek fokoz\u00e1s\u00e1ra. Ez a kutat\u00e1si ir\u00e1nyvonal azt \u00e1ll\u00edtja, hogy a Bemer-ter\u00e1pia potenci\u00e1lisan kieg\u00e9sz\u00edt\u0151 szerepet j\u00e1tszhat a r\u00e1kkezel\u00e9sben, jelezve, hogy a Bemer klinikai alkalmaz\u00e1sai sz\u00e9lesebb k\u00f6r\u0171ek lehetnek, mint azt kor\u00e1bban gondolt\u00e1k.<\/p>\n<p>B\u00e1r a Bemer-ter\u00e1pia klinikai eredm\u00e9nyei \u00edg\u00e9retesek, ezeket a felismer\u00e9seket kiegyens\u00falyozottan kell megk\u00f6zel\u00edteni, figyelembe v\u00e9ve a betegek kezel\u00e9sre adott v\u00e1laszainak sokf\u00e9les\u00e9g\u00e9t. A folyamatos klinikai \u00e9rt\u00e9kel\u00e9sek, a szigor\u00faan ellen\u0151rz\u00f6tt vizsg\u00e1latok \u00e9s a metaanal\u00edzisek elengedhetetlenek ahhoz, hogy a Bemer-ter\u00e1pia kezel\u00e9s hat\u00e9konys\u00e1g\u00e1nak \u00e9s biztons\u00e1gi profilj\u00e1nak teljes k\u00f6r\u0171 \u00e9s korl\u00e1tozott meg\u00e9rt\u00e9s\u00e9hez sz\u00fcks\u00e9ges lend\u00fcletet fenntartsuk. Ez\u00e9rt az orvosi k\u00f6z\u00f6ss\u00e9g tov\u00e1bbra is optimista, de \u00f3vatosan \u00f3vatos a Bemer-ter\u00e1pia hagyom\u00e1nyos orvosi kezel\u00e9sek kieg\u00e9sz\u00edt\u0151jek\u00e9nt t\u00f6rt\u00e9n\u0151 j\u00f3v\u00e1hagy\u00e1s\u00e1ban.<\/p>\n<h2>A Bemer-ter\u00e1pia integr\u00e1l\u00e1sa az id\u0151sek eg\u00e9szs\u00e9g\u00fcgyi kezel\u00e9s\u00e9be<\/h2>\n<p>A Bemer-ter\u00e1pia bevezet\u00e9se az id\u0151skori eg\u00e9szs\u00e9g\u00fcgyi gyakorlatokba sz\u00e1mos kulcsfontoss\u00e1g\u00fa param\u00e9ter gondos m\u00e9rlegel\u00e9s\u00e9t ig\u00e9nyli. Ezek a param\u00e9terek biztos\u00edtj\u00e1k, hogy a ter\u00e1pia ne csak a c\u00e9lcsoport sz\u00e1m\u00e1ra legyen el\u0151ny\u00f6s, hanem \u00f6sszhangban legyen a megl\u00e9v\u0151 geri\u00e1triai eg\u00e9szs\u00e9g\u00fcgyi protokollokkal is. Az els\u0151dleges hangs\u00faly a kezel\u00e9si rend egy\u00e9nre szab\u00e1sa, amely olyan kulcsfontoss\u00e1g\u00fa t\u00e9nyez\u0151ket foglal mag\u00e1ban, mint a Bemer k\u00e9sz\u00fcl\u00e9k haszn\u00e1lat\u00e1nak id\u0151tartama \u00e9s gyakoris\u00e1ga, amely \u00f6sszhangban van az egyes id\u0151s betegek saj\u00e1tos eg\u00e9szs\u00e9g\u00fcgyi profilj\u00e1val \u00e9s ig\u00e9nyeivel. A Bemer ter\u00e1pia integr\u00e1ci\u00f3j\u00e1nak ezen szempontjainak testre szab\u00e1sa jelent\u0151sen befoly\u00e1solhatja a ter\u00e1pia hat\u00e9konys\u00e1g\u00e1t \u00e9s az id\u0151sek v\u00e9gs\u0151 eg\u00e9szs\u00e9g\u00fcgyi eredm\u00e9nyeit.<\/p>\n<h3>Gyakorlati megfontol\u00e1sok a Bemer haszn\u00e1lat\u00e1hoz az id\u0151skori gondoz\u00e1sban<\/h3>\n<p>Ahhoz, hogy a Bemer-ter\u00e1pi\u00e1t sikeresen integr\u00e1lni lehessen az id\u0151skori ell\u00e1t\u00e1sba, az eg\u00e9szs\u00e9g\u00fcgyi strat\u00e9gi\u00e1knak figyelembe kell venni\u00fck e ter\u00e1pia \u00e9s m\u00e1s orvosi beavatkoz\u00e1sok z\u00f6kken\u0151mentes \u00f6sszeegyeztethet\u0151s\u00e9g\u00e9t. A kezel\u00e9si protokoll kialak\u00edt\u00e1sa mag\u00e1ban foglalja az id\u0151sebb beteg megl\u00e9v\u0151 ter\u00e1pi\u00e1s rutinj\u00e1ba illeszked\u0151 gondos \u00fctemtervez\u00e9st, biztos\u00edtva, hogy az \u00e1ltal\u00e1nos ell\u00e1t\u00e1si strat\u00e9gi\u00e1jukban ne legyen fennakad\u00e1s. Az ilyen alapos \u00e9s megfontolt integr\u00e1ci\u00f3 c\u00e9lja az id\u0151skori eg\u00e9szs\u00e9g\u00fcgyi ell\u00e1t\u00e1s alapelveinek meger\u0151s\u00edt\u00e9se - az id\u0151sebb feln\u0151ttek eg\u00e9szs\u00e9g\u00e9nek, mobilit\u00e1s\u00e1nak \u00e9s \u00e9letmin\u0151s\u00e9g\u00e9nek optimaliz\u00e1l\u00e1sa olyan innovat\u00edv \u00e9s nem invaz\u00edv m\u00f3dszerekkel, mint a Bemer-ter\u00e1pia.<\/p>\n<h3>Egy\u00fcttm\u0171k\u00f6d\u00e9s az eg\u00e9szs\u00e9g\u00fcgyi szakemberekkel az optim\u00e1lis eredm\u00e9nyek \u00e9rdek\u00e9ben<\/h3>\n<p>A szakmai egy\u00fcttm\u0171k\u00f6d\u00e9s alapvet\u0151 fontoss\u00e1g\u00fa a Bemer-ter\u00e1pia beilleszt\u00e9s\u00e9ben az id\u0151sek eg\u00e9szs\u00e9g\u00fcgyi kezel\u00e9s\u00e9be. A Bemer-ter\u00e1pia bevezet\u00e9se a szakemberekkel - k\u00f6zt\u00fck orvosokkal, gy\u00f3gytorn\u00e1szokkal \u00e9s alternat\u00edv gy\u00f3gy\u00e1szokkal - val\u00f3 konzult\u00e1ci\u00f3 \u00e9s egy\u00fcttm\u0171k\u00f6d\u00e9s r\u00e9v\u00e9n apr\u00f3l\u00e9kosan megtervezhet\u0151. Az \u0151 kollekt\u00edv b\u00f6lcsess\u00e9g\u00fck \u00e9s tapasztalatuk az id\u0151skori sz\u00e1mtalan eg\u00e9szs\u00e9g\u00fcgyi kih\u00edv\u00e1s ter\u00e9n el\u0151seg\u00edtheti a Bemer-ter\u00e1pia eredm\u00e9nyeinek kifinomultabb \u00e9s alaposabb alkalmaz\u00e1s\u00e1t, ami az id\u0151s\u00f6d\u0151 n\u00e9pess\u00e9g j\u00f3l\u00e9t\u00e9nek \u00e9s \u00e9rrendszeri eg\u00e9szs\u00e9g\u00e9nek jelent\u0151s fellend\u00fcl\u00e9s\u00e9t \u00edg\u00e9ri. Az interdiszciplin\u00e1ris megk\u00f6zel\u00edt\u00e9s olyan eg\u00e9szs\u00e9g\u00fcgyi szinergi\u00e1t seg\u00edt el\u0151, amely t\u00f6bb, mint a r\u00e9szek \u00f6sszege, \u00e9s az id\u0151sek sz\u00e1m\u00e1ra a legjobb ell\u00e1t\u00e1st ny\u00fajtja, amit a kort\u00e1rs orvostudom\u00e1ny ny\u00fajtani tud.<\/p>\n<h2>Forr\u00e1s Linkek<\/h2>\n<ul>\n<li><a href=\"https:\/\/www.ncbi.nlm.nih.gov\/pmc\/articles\/PMC9087094\/\" target=\"_blank\" rel=\"nofollow noopener\">https:\/\/www.ncbi.nlm.nih.gov\/pmc\/articles\/PMC9087094\/<\/a><\/li>\n<li><a href=\"https:\/\/www.ncbi.nlm.nih.gov\/pmc\/articles\/PMC5434238\/\" target=\"_blank\" rel=\"nofollow noopener\">https:\/\/www.ncbi.nlm.nih.gov\/pmc\/articles\/PMC5434238\/<\/a><a href=\"https:\/\/www.steffonvitality.com\/s\/BEMER-Haug-Report-1.pdf\" target=\"_blank\" rel=\"nofollow noopener\"><\/a><\/li>\n<\/ul>","protected":false},"excerpt":{"rendered":"<p>As we delve into the intricacies of geriatric vascular health, the significance of senior cardiovascular care becomes ever more apparent. The advent of Bemer therapy, a pioneering approach in the domain of circulation enhancement, marks a watershed moment for the well-being of the elderly. Harnessing the potential of electromagnetic field therapy, Bemer devices emerge as [&hellip;]<\/p>\n","protected":false},"author":987,"featured_media":8469,"comment_status":"closed","ping_status":"closed","sticky":false,"template":"","format":"standard","meta":{"_acf_changed":false,"footnotes":""},"categories":[1],"tags":[],"class_list":["post-8468","post","type-post","status-publish","format-standard","has-post-thumbnail","hentry","category-blog"],"acf":[],"_links":{"self":[{"href":"https:\/\/vasculartherapydevice.com\/hu\/wp-json\/wp\/v2\/posts\/8468","targetHints":{"allow":["GET"]}}],"collection":[{"href":"https:\/\/vasculartherapydevice.com\/hu\/wp-json\/wp\/v2\/posts"}],"about":[{"href":"https:\/\/vasculartherapydevice.com\/hu\/wp-json\/wp\/v2\/types\/post"}],"author":[{"embeddable":true,"href":"https:\/\/vasculartherapydevice.com\/hu\/wp-json\/wp\/v2\/users\/987"}],"replies":[{"embeddable":true,"href":"https:\/\/vasculartherapydevice.com\/hu\/wp-json\/wp\/v2\/comments?post=8468"}],"version-history":[{"count":3,"href":"https:\/\/vasculartherapydevice.com\/hu\/wp-json\/wp\/v2\/posts\/8468\/revisions"}],"predecessor-version":[{"id":8497,"href":"https:\/\/vasculartherapydevice.com\/hu\/wp-json\/wp\/v2\/posts\/8468\/revisions\/8497"}],"wp:featuredmedia":[{"embeddable":true,"href":"https:\/\/vasculartherapydevice.com\/hu\/wp-json\/wp\/v2\/media\/8469"}],"wp:attachment":[{"href":"https:\/\/vasculartherapydevice.com\/hu\/wp-json\/wp\/v2\/media?parent=8468"}],"wp:term":[{"taxonomy":"category","embeddable":true,"href":"https:\/\/vasculartherapydevice.com\/hu\/wp-json\/wp\/v2\/categories?post=8468"},{"taxonomy":"post_tag","embeddable":true,"href":"https:\/\/vasculartherapydevice.com\/hu\/wp-json\/wp\/v2\/tags?post=8468"}],"curies":[{"name":"wp","href":"https:\/\/api.w.org\/{rel}","templated":true}]}}