{"id":8498,"date":"2024-03-10T20:45:54","date_gmt":"2024-03-10T19:45:54","guid":{"rendered":"https:\/\/vasculartherapydevice.com\/?p=8498"},"modified":"2024-03-10T20:45:54","modified_gmt":"2024-03-10T19:45:54","slug":"a-bemer-keszulek-terapia-koltseg-haszon-elemzese","status":"publish","type":"post","link":"https:\/\/vasculartherapydevice.com\/hu\/cost-benefit-analysis-of-bemer-device-therapy\/","title":{"rendered":"A Bemer k\u00e9sz\u00fcl\u00e9k ter\u00e1pia gazdas\u00e1gi el\u0151nyeinek \u00e9rt\u00e9kel\u00e9se: \u00d6sszehasonl\u00edt\u00f3 tanulm\u00e1ny"},"content":{"rendered":"<p>A Bemer k\u00e9sz\u00fcl\u00e9kter\u00e1pia, egy innovat\u00edv, nem invaz\u00edv, impulzusos elektrom\u00e1gneses mez\u0151ket alkalmaz\u00f3 kezel\u00e9s vil\u00e1g\u00edt r\u00e1 az eg\u00e9szs\u00e9g\u00fcgyi ell\u00e1t\u00e1s eredm\u00e9nyeinek \u00e1talak\u00edt\u00e1s\u00e1ban \u00e9s a gazdas\u00e1gi hat\u00e9konys\u00e1g optimaliz\u00e1l\u00e1s\u00e1ban rejl\u0151 jelent\u0151s lehet\u0151s\u00e9gekre. A felt\u00f6rekv\u0151 technol\u00f3gia a kr\u00f3nikus mozg\u00e1sszervi betegs\u00e9gek kezel\u00e9s\u00e9ben bet\u00f6lt\u00f6tt szerepe miatt ker\u00fclt a figyelem k\u00f6z\u00e9ppontj\u00e1ba, olyan \u00e1llapotok miatt, amelyekr\u0151l k\u00f6ztudott, hogy jelent\u0151s eg\u00e9szs\u00e9g\u00fcgyi kiad\u00e1sokat okoznak, \u00e9s nagym\u00e9rt\u00e9kben befoly\u00e1solj\u00e1k az egy\u00e9ni \u00e9letmin\u0151s\u00e9get.<\/p>\n<p>Egy megb\u00edzhat\u00f3 k\u00f6lts\u00e9g-haszon elemz\u00e9s elv\u00e9gz\u00e9se felt\u00e1rja a Bemer-ter\u00e1pia t\u00f6bbdimenzi\u00f3s gazdas\u00e1gi hat\u00e1s\u00e1t. Az\u00e1ltal, hogy a Bemer k\u00e9sz\u00fcl\u00e9k potenci\u00e1lisan cs\u00f6kkentheti az eg\u00e9szs\u00e9g\u00fcgyi kiad\u00e1sokat, fokozhatja a termel\u00e9kenys\u00e9g javul\u00e1s\u00e1t \u00e9s megfizethet\u0151v\u00e9 teheti a f\u00e1jdalomcsillap\u00edt\u00e1st, d\u00f6nt\u0151 jelent\u0151s\u00e9g\u0171 paradigmav\u00e1lt\u00e1st jelenthet. Ez a vizsg\u00e1lati anyag a Bemer-ter\u00e1pia modern ter\u00e1pi\u00e1s strat\u00e9gi\u00e1kba val\u00f3 be\u00e9p\u00edt\u00e9s\u00e9nek gazdas\u00e1gi k\u00f6vetkezm\u00e9nyeit k\u00edv\u00e1nja boncolgatni, empirikus kutat\u00e1sokkal \u00e9s val\u00f3di besz\u00e1mol\u00f3kkal al\u00e1t\u00e1masztva.<\/p>\n<p>Csatlakozzon hozz\u00e1nk, ahogy \u00e1tl\u00e1togatjuk az eg\u00e9szs\u00e9g\u00fcgyi ell\u00e1t\u00e1s gazdas\u00e1goss\u00e1g\u00e1nak bonyolults\u00e1g\u00e1t, bemutatva a Bemer-eszk\u00f6z ter\u00e1pia elfogad\u00e1s\u00e1nak potenci\u00e1lis p\u00e9nz\u00fcgyi \u00f3vatoss\u00e1g\u00e1t - egy olyan opci\u00f3t, amely a f\u00e1jdalomkezel\u00e9s bonyolult sz\u00f6vev\u00e9ny\u00e9ben mind a hat\u00e9konys\u00e1got, mind a k\u00f6lts\u00e9gtudatoss\u00e1got hat\u00e1rozottan el\u0151t\u00e9rbe helyezi.<\/p>\n<h2>A kr\u00f3nikus mozg\u00e1sszervi betegs\u00e9gek gazdas\u00e1gi hat\u00e1sa<\/h2>\n<p>A kr\u00f3nikus mozg\u00e1sszervi megbeteged\u00e9sek orsz\u00e1gos elterjedts\u00e9ge az eg\u00e9szs\u00e9g\u00fcgyi k\u00f6lts\u00e9gek jelent\u0151s n\u00f6veked\u00e9s\u00e9t jelzi, ami egy\u00e9rtelm\u0171 gazdas\u00e1gi hat\u00e1st gyakorol mind az egy\u00e9ni, mind a nemzeti p\u00e9nz\u00fcgyi eg\u00e9szs\u00e9gre. Az olyan \u00e1llapotok, mint az \u00edz\u00fcleti gyullad\u00e1s, amely milli\u00f3kat \u00e9rint, \u00e9s a fibromyalgia, amely sz\u00e9les k\u00f6r\u0171 f\u00e1jdalmair\u00f3l \u00e9s f\u00e1radts\u00e1gos t\u00fcneteir\u0151l ismert, nagym\u00e9rt\u00e9kben hozz\u00e1j\u00e1rulnak a betegek \u00e9s az eg\u00e9szs\u00e9g\u00fcgyi rendszer gazdas\u00e1gi terheihez.<\/p>\n<p>A jelenlegi becsl\u00e9sek szerint ezek a kr\u00f3nikus f\u00e1jdalmak nemcsak jelent\u0151s k\u00f6zvetlen orvosi kiad\u00e1sokat ig\u00e9nyelnek, hanem a kiesett munkanapok \u00e9s a cs\u00f6kkent munkateljes\u00edtm\u00e9ny miatt termel\u00e9kenys\u00e9gvesztes\u00e9get is okoznak. Ezen t\u00falmen\u0151en a kr\u00f3nikus f\u00e1jdalom pszichol\u00f3giai aspektusai, bele\u00e9rtve a depresszi\u00f3s t\u00fcneteket is, s\u00falyosb\u00edtj\u00e1k ezt a gazdas\u00e1gi terhet az\u00e1ltal, hogy potenci\u00e1lisan n\u00f6velik az eg\u00e9szs\u00e9g\u00fcgyi ell\u00e1t\u00e1s ig\u00e9nybev\u00e9tel\u00e9t e p\u00e1rhuzamos ment\u00e1lis eg\u00e9szs\u00e9g\u00fcgyi probl\u00e9m\u00e1k kezel\u00e9se \u00e9rdek\u00e9ben.<\/p>\n<p>A Bemer k\u00e9sz\u00fcl\u00e9kter\u00e1pia e k\u00f6lts\u00e9gek lehets\u00e9ges m\u00e9rs\u00e9kl\u0151jek\u00e9nt jelenik meg. A ter\u00e1pia a kr\u00f3nikus f\u00e1jdalmat impulzusos elektrom\u00e1gneses mez\u0151k alkalmaz\u00e1s\u00e1val kezeli, egy nem invaz\u00edv technik\u00e1val, amely cs\u00f6kkentheti a hagyom\u00e1nyos orvosi kezel\u00e9sek \u00e9s a kapcsol\u00f3d\u00f3 k\u00f6lts\u00e9gek sz\u00fcks\u00e9gess\u00e9g\u00e9t. K\u00f6vetkez\u00e9sk\u00e9ppen ez egy \u00edg\u00e9retes beavatkoz\u00e1s, amely k\u00e9pes megv\u00e1ltoztatni a f\u00e1jdalomkezel\u00e9s \u00e9s a gazdas\u00e1gi kiad\u00e1sok helyzet\u00e9t ezen a ter\u00fcleten.<\/p>\n<h2>A Bemer k\u00e9sz\u00fcl\u00e9k ter\u00e1pia k\u00f6lts\u00e9g-haszon elemz\u00e9se<\/h2>\n<p>A f\u00e1jdalomcsillap\u00edt\u00e1s nem farmakol\u00f3giai beavatkoz\u00e1sainak egyre n\u00f6vekv\u0151 ter\u00fclete jelent\u0151s figyelmet ford\u00edt a Bemer-eszk\u00f6z\u00f6s ter\u00e1pi\u00e1ra, nemcsak ter\u00e1pi\u00e1s lehet\u0151s\u00e9gei, hanem gazdas\u00e1gi vonatkoz\u00e1sai miatt is. Az eg\u00e9szs\u00e9g\u00fcgyi k\u00f6lts\u00e9gek \u00e9s a betegek haszn\u00e1nak bonyolult t\u00e1nca k\u00fcl\u00f6n\u00f6sen a kr\u00f3nikus mozg\u00e1sszervi betegs\u00e9gek ter\u00fclet\u00e9n v\u00e1lik fontoss\u00e1, ahol a Bemer-ter\u00e1pia \u00edg\u00e9retes versenyz\u0151k\u00e9nt jelenik meg.<\/p>\n<h3>A k\u00f6zvetlen k\u00f6lts\u00e9gek: Eg\u00e9szs\u00e9g\u00fcgyi kiad\u00e1sok \u00e9s a ter\u00e1pia megfizethet\u0151s\u00e9ge<\/h3>\n<p>A k\u00f6zvetlen eg\u00e9szs\u00e9g\u00fcgyi kiad\u00e1sokat vizsg\u00e1lva a Bemer-ter\u00e1pia hull\u00e1mz\u00f3 hat\u00e1st gyakorol mind a betegek, mind az eg\u00e9szs\u00e9g\u00fcgyi szolg\u00e1ltat\u00f3k p\u00e9nz\u00fcgyi tavaira. Mivel az olyan kr\u00f3nikus f\u00e1jdalom\u00e1llapotok, mint a fibromyalgia, jellemz\u0151en tart\u00f3s gy\u00f3gyszeres kezel\u00e9st ig\u00e9nyelnek, a Bemer-ter\u00e1pia a megfizethet\u0151s\u00e9g jelz\u0151f\u00e9nye. Nem farmakol\u00f3giai megk\u00f6zel\u00edt\u00e9se megker\u00fcli a hossz\u00fa t\u00e1v\u00fa gy\u00f3gyszeres kezel\u00e9s gyakran t\u00falzott k\u00f6lts\u00e9geit \u00e9s a lehets\u00e9ges mell\u00e9khat\u00e1sokat, ami arra utal, hogy a Bemer-ter\u00e1pia k\u00f6lts\u00e9gei val\u00f3ban a tart\u00f3s f\u00e1jdalomkezel\u00e9s gazdas\u00e1gilag \u00e9letk\u00e9pesebb lehet\u0151s\u00e9ge fel\u00e9 fordulhatnak.<\/p>\n<h3>K\u00f6zvetett gazdas\u00e1gi el\u0151ny\u00f6k: A termel\u00e9kenys\u00e9g \u00e9s az \u00e9letmin\u0151s\u00e9g javul\u00e1sa<\/h3>\n<p>A k\u00f6zvetlen k\u00f6lts\u00e9geken t\u00falmen\u0151en a Bemer-ter\u00e1pia a betegek termel\u00e9kenys\u00e9g\u00e9re \u00e9s az \u00e1ltal\u00e1nos \u00e9letmin\u0151s\u00e9g javul\u00e1s\u00e1ra gyakorolt k\u00f6zvetett gazdas\u00e1gi hat\u00e1s\u00e1t is kihaszn\u00e1lja. A kr\u00f3nikus f\u00e1jdalom k\u00ednz\u00f3 t\u00fcneteinek enyh\u00edt\u00e9s\u00e9vel ez a ter\u00e1pia utat nyithat az egy\u00e9nek sz\u00e1m\u00e1ra, hogy visszanyerj\u00e9k szerep\u00fcket a munkaer\u0151piacon, ez\u00e1ltal cs\u00f6kkentve a hi\u00e1nyz\u00e1sokat \u00e9s el\u0151seg\u00edtve a termel\u00e9kenys\u00e9g n\u00f6veked\u00e9s\u00e9t. Az ilyen eredm\u00e9nyek nemcsak az egy\u00e9nek j\u00f3l\u00e9t\u00e9t er\u0151s\u00edtik, hanem a t\u00e1gabb gazdas\u00e1gi sz\u00f6veten is visszahatnak az\u00e1ltal, hogy potenci\u00e1lisan cs\u00f6kkentik a fogyat\u00e9koss\u00e1ggal kapcsolatos k\u00f6lts\u00e9geket.<\/p>\n<h3>A Bemer-ter\u00e1pia \u00e9s a hagyom\u00e1nyos f\u00e1jdalomcsillap\u00edt\u00e1si m\u00f3dszerek \u00f6sszehasonl\u00edt\u00e1sa<\/h3>\n<p>A hagyom\u00e1nyos f\u00e1jdalomcsillap\u00edt\u00e1si m\u00f3dszerek gyakran gy\u00f3gyszeres \u00e9s invaz\u00edv elj\u00e1r\u00e1sok sor\u00e1t foglalj\u00e1k magukban, amelyek mindegyike saj\u00e1t p\u00e9nz\u00fcgyi \u00e9s fiziol\u00f3giai \u00e1rc\u00e9dul\u00e1val j\u00e1r. A Bemer-ter\u00e1pi\u00e1val val\u00f3 \u00f6sszehasonl\u00edt\u00e1s r\u00e1vil\u00e1g\u00edt annak kev\u00e9sb\u00e9 invaz\u00edv jelleg\u00e9re, \u00e9s biztons\u00e1gosabb alternat\u00edv\u00e1nak tekinthet\u0151, amely k\u00e9pes megker\u00fclni a hagyom\u00e1nyos kezel\u00e9sekkel j\u00e1r\u00f3 sz\u00e1mos eg\u00e9szs\u00e9g\u00fcgyi k\u00f6lts\u00e9get. A Bemer-ter\u00e1pia k\u00f6lts\u00e9geit \u00e9s k\u00f6vetkezm\u00e9nyeit a hagyom\u00e1nyos m\u00f3dszerek k\u00f6lts\u00e9geivel \u00e9s k\u00f6vetkezm\u00e9nyeivel \u00f6sszevetve a m\u00e9rleg az el\u0151bbi jav\u00e1ra billenhet, ami j\u00f3l p\u00e9ld\u00e1zza a nem farmakol\u00f3giai beavatkoz\u00e1sok f\u00e1jdalomkezel\u00e9si paradigm\u00e1kba val\u00f3 integr\u00e1l\u00e1s\u00e1nak el\u0151nyeit.<\/p>\n<h2>A Bemer k\u00e9sz\u00fcl\u00e9k ter\u00e1pi\u00e1j\u00e1nak el\u0151nyei a f\u00e1jdalomcsillap\u00edt\u00e1sban<\/h2>\n<p>A nem invaz\u00edv ter\u00e1pi\u00e1s el\u0151ny\u00f6k felt\u00e1r\u00e1sa, k\u00fcl\u00f6n\u00f6sen a kr\u00f3nikus f\u00e1jdalom kezel\u00e9s\u00e9nek ter\u00fclet\u00e9n, a Bemerhez hasonl\u00f3 technol\u00f3gi\u00e1k n\u00f6vekv\u0151 elismer\u00e9s\u00e9t mutatja. A Bemer innovat\u00edv megk\u00f6zel\u00edt\u00e9se a f\u00e1jdalomcsillap\u00edt\u00e1s ter\u00e9n sz\u00e1mos el\u0151nyt k\u00edn\u00e1l a tart\u00f3s kellemetlens\u00e9gekkel k\u00fczd\u0151 egy\u00e9nek sz\u00e1m\u00e1ra. A ter\u00fcleten \u00e1tt\u00f6r\u00e9snek tekintett Bemer ter\u00e1pia hat\u00e9konys\u00e1g\u00e1t olyan tanulm\u00e1nyok t\u00e1masztj\u00e1k al\u00e1, amelyek r\u00e1vil\u00e1g\u00edtanak arra, hogy a Bemer k\u00e9pes jav\u00edtani a betegek eredm\u00e9nyeit invaz\u00edv elj\u00e1r\u00e1sok n\u00e9lk\u00fcl.<\/p>\n<p>A Bemer-ter\u00e1pia kiemelkedik az elektrom\u00e1gneses mez\u0151k felhaszn\u00e1l\u00e1s\u00e1val, amelyeket prec\u00edzen haszn\u00e1lnak fel a szervezet \u00f6ngy\u00f3gy\u00edt\u00f3 mechanizmusainak aktiv\u00e1l\u00e1s\u00e1ra. Ez a nem invaz\u00edv strat\u00e9gia nemcsak kev\u00e9sb\u00e9 zavar\u00f3 a hagyom\u00e1nyos kezel\u00e9sekhez k\u00e9pest, hanem a rendszeres haszn\u00e1latot is el\u0151seg\u00edti, mivel nincsenek a gy\u00f3gyszerekkel \u00e9s a seb\u00e9szeti beavatkoz\u00e1sokkal jellemz\u0151en egy\u00fctt j\u00e1r\u00f3 k\u00e1ros mell\u00e9khat\u00e1sok.<\/p>\n<p>A Bemer egyik legfontosabb el\u0151nye, hogy a mikrocirkul\u00e1ci\u00f3s v\u00e9r\u00e1raml\u00e1s fokoz\u00e1s\u00e1ra \u00f6sszpontos\u00edt. Mivel a hat\u00e9kony v\u00e9rkering\u00e9s az eg\u00e9szs\u00e9g \u00e9s a gy\u00f3gyul\u00e1s sarokk\u00f6ve, a Bemer ezen aspektus jav\u00edt\u00e1s\u00e1nak k\u00e9pess\u00e9ge alapvet\u0151en t\u00e1pl\u00e1lja a szervezet jav\u00edt\u00f3 \u00e9s karbantart\u00f3 k\u00e9pess\u00e9g\u00e9t. Az eszk\u00f6z t\u00e1mogat\u00f3 szerepe a kr\u00f3nikus f\u00e1jdalom kezel\u00e9s\u00e9ben \u00e9s potenci\u00e1lis enyh\u00edt\u00e9s\u00e9ben seg\u00edt a betegeknek visszanyerni \u00e9let\u00fck azon aspektusait, amelyeket a f\u00e1jdalom egy\u00e9bk\u00e9nt korl\u00e1tozhatott volna.<\/p>\n<p>A f\u00e1jdalomcsillap\u00edt\u00e1si megold\u00e1sok k\u00f6r\u00fcli besz\u00e9lget\u00e9sekben a Bemer \u00edg\u00e9rete a k\u00edm\u00e9letes, m\u00e9gis hat\u00e9kony alkalmaz\u00e1sban rejlik. Azok sz\u00e1m\u00e1ra, akik kr\u00f3nikus f\u00e1jdalomcsillap\u00edt\u00e1st keresnek a f\u00fcgg\u0151s\u00e9g kock\u00e1zata vagy a bonyolult orvosi elj\u00e1r\u00e1sokkal j\u00e1r\u00f3 teher n\u00e9lk\u00fcl, a Bemer egy optim\u00e1lis modalit\u00e1st testes\u00edt meg. Nem invaz\u00edv jellege nemcsak a beteg k\u00e9nyelm\u00e9t \u00e9s biztons\u00e1g\u00e1t helyezi el\u0151t\u00e9rbe, hanem a hossz\u00fa t\u00e1v\u00fa wellness-tervez\u00e9st el\u0151seg\u00edt\u0151 fenntarthat\u00f3 megk\u00f6zel\u00edt\u00e9st is k\u00edn\u00e1l. A Bemer-ter\u00e1pia vonzerej\u00e9t n\u00f6veli, hogy a Bemer-ter\u00e1pia k\u00f6nnyen beilleszthet\u0151 a mindennapi \u00e9letbe, \u00edgy a jelenleg rendelkez\u00e9sre \u00e1ll\u00f3 f\u00e1jdalomcsillap\u00edt\u00e1si lehet\u0151s\u00e9gek hat\u00e9kony kieg\u00e9sz\u00edt\u0151je.<\/p>\n<p>A Bemer-ter\u00e1pia el\u0151nyei sokr\u00e9t\u0171ek. Az azonnali enyh\u00fcl\u00e9st\u0151l kezdve a f\u00e1jdalom \u00e9s a mobilit\u00e1s tart\u00f3s javul\u00e1s\u00e1ig a ter\u00e1pia egy magasabb \u00e9letmin\u0151s\u00e9ghez vezet\u0151 utat nyit meg. A Bemer nem invaz\u00edv ter\u00e1pi\u00e1s el\u0151nyeinek folyamatos kutat\u00e1sa egy olyan \u00edg\u00e9retes j\u00f6v\u0151 fel\u00e9 mutat, ahol a f\u00e1jdalom kezel\u00e9se egyszerre hat\u00e9kony \u00e9s mentes a gyakran agressz\u00edvabb kezel\u00e9sekkel j\u00e1r\u00f3 bonyolult probl\u00e9m\u00e1kt\u00f3l.<\/p>\n<h2>Val\u00f3s vil\u00e1gbeli esettanulm\u00e1nyok: Bemer Device Sikert\u00f6rt\u00e9netek<\/h2>\n<p>A kr\u00f3nikus f\u00e1jdalommal k\u00fczd\u0151 betegek egyre t\u00f6bb Bemer k\u00e9sz\u00fcl\u00e9kr\u0151l sz\u00f3l\u00f3 besz\u00e1mol\u00f3ja a diadal \u00e9s a megk\u00f6nnyebb\u00fcl\u00e9s meggy\u0151z\u0151 t\u00f6rt\u00e9net\u00e9t mes\u00e9li el. Ezek a val\u00f3s sikert\u00f6rt\u00e9netek nem csup\u00e1n anekdotikus bizony\u00edt\u00e9kok, hanem egy nagyobb kirak\u00f3s j\u00e1t\u00e9k darabjai, amelyek al\u00e1h\u00fazz\u00e1k a Bemer k\u00e9sz\u00fcl\u00e9k hat\u00e9konys\u00e1g\u00e1t olyan \u00e1llapotok kezel\u00e9s\u00e9ben, mint a fibromyalgia \u00e9s a k\u00fcl\u00f6nb\u00f6z\u0151 reumatikus betegs\u00e9gek.<\/p>\n<p>A betegek tapasztalatai gyakran r\u00e1vil\u00e1g\u00edtanak arra, hogy a Bemer-ter\u00e1pi\u00e1t k\u00f6vet\u0151en jelent\u0151sen javult az \u00e9letmin\u0151s\u00e9g\u00fck, sokan a f\u00e1jdalom intenzit\u00e1s\u00e1nak cs\u00f6kken\u00e9s\u00e9r\u0151l \u00e9s a mobilit\u00e1suk n\u00f6veked\u00e9s\u00e9r\u0151l sz\u00e1moltak be. Ezek a besz\u00e1mol\u00f3k hozz\u00e1j\u00e1rulnak a t\u00e9nyek alapj\u00e1hoz, meger\u0151s\u00edtve azt az elk\u00e9pzel\u00e9st, hogy a Bemer-ter\u00e1pia a f\u00e1jdalomkezel\u00e9s multimod\u00e1lis megk\u00f6zel\u00edt\u00e9s\u00e9nek kulcsfontoss\u00e1g\u00fa \u00f6sszetev\u0151jek\u00e9nt szolg\u00e1lhat.<\/p>\n<p>Az egyik egys\u00e9ges t\u00e9ma a Bemer-eszk\u00f6zzel v\u00e9gzett ter\u00e1pia \u00e1ltal ny\u00fajtott meg\u00fajult rem\u00e9ny \u00e9rz\u00e9se. Azok, akik a kr\u00f3nikus f\u00e1jdalom kezel\u00e9s\u00e9vel j\u00e1r\u00f3 kih\u00edv\u00e1sokon mentek kereszt\u00fcl, gyakran besz\u00e9lnek arr\u00f3l, hogy a Bemer-ter\u00e1pia milyen jelent\u0151s hat\u00e1ssal volt mindennapi tev\u00e9kenys\u00e9geikre. Az a k\u00e9pess\u00e9g, hogy a f\u00e1jdalom \u00e1lland\u00f3 akad\u00e1lyoz\u00e1sa n\u00e9lk\u00fcl teljesebb m\u00e9rt\u00e9kben r\u00e9szt tudnak venni az \u00e9letben, nem csup\u00e1n a Bemer f\u00e1jdalomcsillap\u00edt\u00e1sban rejl\u0151 lehet\u0151s\u00e9geit bizony\u00edtja, hanem k\u00f6zvetlen\u00fcl t\u00fckr\u00f6zi az eszk\u00f6z j\u00f3l\u00e9tet fokoz\u00f3 k\u00e9pess\u00e9g\u00e9t is.<\/p>\n<p>Tov\u00e1bb\u00e1 ezek a betegtapasztalatok \u00f6sszhangban vannak azokkal a kutat\u00e1sokkal, amelyek al\u00e1t\u00e1masztj\u00e1k, hogy az impulzusos elektrom\u00e1gneses mez\u0151 ter\u00e1pia cs\u00f6kkenti a hagyom\u00e1nyos f\u00e1jdalomcsillap\u00edt\u00e1si m\u00f3dszerekre val\u00f3 t\u00e1maszkod\u00e1st. \u00cdgy a Bemer k\u00e9sz\u00fcl\u00e9k fontos szerepl\u0151je lehet a kr\u00f3nikus f\u00e1jdalomban szenved\u0151k nem gy\u00f3gyszeres kezel\u00e9si lehet\u0151s\u00e9geinek.<\/p>\n<h2>Eg\u00e9szs\u00e9g\u00fcgyi megtakar\u00edt\u00e1sok a Bemer technol\u00f3gia bevezet\u00e9s\u00e9vel<\/h2>\n<p>A Bemer-technol\u00f3gia be\u00e9p\u00edt\u00e9se a ter\u00e1pi\u00e1s s\u00e9m\u00e1k rendszeres elemek\u00e9nt jelent\u0151s eg\u00e9szs\u00e9g\u00fcgyi megtakar\u00edt\u00e1sokat \u00edg\u00e9r, k\u00fcl\u00f6n\u00f6sen a gy\u00f3gyszerk\u00f6lts\u00e9gek \u00e9s azok mell\u00e9khat\u00e1sainak kezel\u00e9se tekintet\u00e9ben. T\u00e1mogat\u00f3 tanulm\u00e1nyok azt sugallj\u00e1k, hogy a Bemer k\u00e9sz\u00fcl\u00e9k ter\u00e1pi\u00e1j\u00e1nak alkalmaz\u00e1sa korl\u00e1tozhatja, ha nem is teljesen kik\u00fcsz\u00f6b\u00f6lheti a k\u00f6lts\u00e9ges, s\u00falyos mell\u00e9khat\u00e1sokkal j\u00e1r\u00f3 gy\u00f3gyszerek sz\u00fcks\u00e9gess\u00e9g\u00e9t. Ez a k\u00f6lts\u00e9ghat\u00e9kony alternat\u00edv ter\u00e1pia ny\u00fajt\u00e1s\u00e1nak k\u00e9pess\u00e9ge d\u00f6nt\u0151 szerepet j\u00e1tszik abban, hogy nemcsak a betegek sz\u00e1m\u00e1ra ny\u00fajt megk\u00f6nnyebb\u00fcl\u00e9st, hanem az eg\u00e9szs\u00e9g\u00fcgyi rendszerek tehermentes\u00edt\u00e9se r\u00e9v\u00e9n sz\u00e9lesebb k\u00f6r\u0171 gazdas\u00e1gi el\u0151ny\u00f6ket is.<\/p>\n<h3>A gy\u00f3gyszerk\u00f6lts\u00e9gek \u00e9s mell\u00e9khat\u00e1sok cs\u00f6kkent\u00e9se<\/h3>\n<p>Az egyik els\u0151dleges ter\u00fclet, ahol a Bemer k\u00e9sz\u00fcl\u00e9kter\u00e1pia gazdas\u00e1gi potenci\u00e1lt mutat, a gy\u00f3gyszerk\u00f6lts\u00e9gek cs\u00f6kkent\u00e9se. A kr\u00f3nikus f\u00e1jdalmi \u00e1llapotok, p\u00e9ld\u00e1ul a mozg\u00e1sszervi rendelleness\u00e9gekb\u0151l ered\u0151 f\u00e1jdalmak gyakran vezetnek gy\u00f3gyszerek hossz\u00fa t\u00e1v\u00fa haszn\u00e1lat\u00e1hoz, ami viszont jelent\u0151s mell\u00e9khat\u00e1sokkal j\u00e1rhat. E gy\u00f3gyszerek minimaliz\u00e1l\u00e1s\u00e1val vagy helyettes\u00edt\u00e9s\u00e9vel a Bemer-ter\u00e1pia cs\u00f6kkentheti az ilyen mell\u00e9khat\u00e1sok kezel\u00e9s\u00e9vel kapcsolatos p\u00e9nz\u00fcgyi \u00e9s eg\u00e9szs\u00e9g\u00fcgyi k\u00f6lts\u00e9geket, ami jelent\u0151s eg\u00e9szs\u00e9g\u00fcgyi megtakar\u00edt\u00e1sokat jelent.<\/p>\n<h3>Az invaz\u00edv elj\u00e1r\u00e1sok \u00e9s a kapcsol\u00f3d\u00f3 eg\u00e9szs\u00e9g\u00fcgyi ell\u00e1t\u00e1s ig\u00e9nybev\u00e9tel\u00e9nek minimaliz\u00e1l\u00e1sa<\/h3>\n<p>A Bemer technol\u00f3gi\u00e1ja a nem invaz\u00edv megk\u00f6zel\u00edt\u00e9s\u00e9vel is kit\u0171nik, amely jelent\u0151sen cs\u00f6kkentheti az invaz\u00edv elj\u00e1r\u00e1sok sz\u00fcks\u00e9gess\u00e9g\u00e9t, amelyek nemcsak k\u00f6lts\u00e9gesek, de a betegek sz\u00e1m\u00e1ra fokozott kock\u00e1zatot is jelentenek. A Bemer ter\u00e1pia egy nem invaz\u00edv kezel\u00e9si lehet\u0151s\u00e9g biztos\u00edt\u00e1s\u00e1val megv\u00e1ltoztathatja a f\u00e1jdalomcsillap\u00edt\u00e1st, cs\u00f6kkentve az eg\u00e9szs\u00e9g\u00fcgyi ell\u00e1t\u00e1s ig\u00e9nybev\u00e9tel\u00e9t \u00e9s a kapcsol\u00f3d\u00f3 k\u00f6zvetlen k\u00f6lts\u00e9geket, ez\u00e1ltal megtakar\u00edt\u00e1st biztos\u00edtva mind a beteg, mind az eg\u00e9szs\u00e9g\u00fcgyi szolg\u00e1ltat\u00f3k sz\u00e1m\u00e1ra.<\/p>\n<h3>Hossz\u00fa t\u00e1v\u00fa gazdas\u00e1gi el\u0151ny\u00f6k a kr\u00f3nikus f\u00e1jdalomban szenved\u0151k sz\u00e1m\u00e1ra<\/h3>\n<p>A hossz\u00fa t\u00e1v\u00fa gazdas\u00e1gi el\u0151ny\u00f6ket figyelembe v\u00e9ve a Bemer-eszk\u00f6zzel v\u00e9gzett ter\u00e1pia jelent\u0151s \u00edg\u00e9retet hordoz a kr\u00f3nikus f\u00e1jdalommal k\u00fczd\u0151 egy\u00e9nek sz\u00e1m\u00e1ra. A Bemer k\u00e9sz\u00fcl\u00e9knek a kr\u00f3nikus betegs\u00e9gek fizikai \u00e9s pszichol\u00f3giai hat\u00e1sainak enyh\u00edt\u00e9s\u00e9re vonatkoz\u00f3 lehet\u0151s\u00e9gei alacsonyabb eg\u00e9szs\u00e9g\u00fcgyi k\u00f6lts\u00e9geket \u00e9s stabilabb foglalkoztat\u00e1si helyzetet eredm\u00e9nyezhetnek a betegek sz\u00e1m\u00e1ra. Ennek hull\u00e1mhat\u00e1sa er\u0151sebb gazdas\u00e1gi kil\u00e1t\u00e1sokat eredm\u00e9nyezhet, ami mag\u00e1ban foglalja a megn\u00f6vekedett szem\u00e9lyes j\u00f6vedelmet \u00e9s a sz\u00e9les k\u00f6r\u0171 t\u00e1rsadalmi termel\u00e9kenys\u00e9get. A kr\u00f3nikus f\u00e1jdalom p\u00e9nz\u00fcgyi hat\u00e1sa enyh\u00edt\u0151 ellenp\u00e9ld\u00e1t tal\u00e1lhat a Bemer-eszk\u00f6zben, amely mind szem\u00e9lyes, mind gazdas\u00e1gi ellen\u00e1ll\u00f3k\u00e9pess\u00e9get k\u00edn\u00e1l.<\/p>\n<h2>Forr\u00e1s Linkek<\/h2>\n<ul>\n<li><a href=\"https:\/\/www.ncbi.nlm.nih.gov\/pmc\/articles\/PMC2670735\/\" target=\"_blank\" rel=\"nofollow noopener\">https:\/\/www.ncbi.nlm.nih.gov\/pmc\/articles\/PMC2670735\/<\/a><\/li>\n<li><a href=\"https:\/\/www.ncbi.nlm.nih.gov\/pmc\/articles\/PMC7008750\/\" target=\"_blank\" rel=\"nofollow noopener\">https:\/\/www.ncbi.nlm.nih.gov\/pmc\/articles\/PMC7008750\/<\/a><a href=\"https:\/\/www.science.gov\/topicpages\/f\/field+exposure+bemer-3000\" target=\"_blank\" rel=\"nofollow noopener\"><\/a><\/li>\n<\/ul>","protected":false},"excerpt":{"rendered":"<p>Delving into the realm of Bemer device therapy, an innovative non-invasive treatment employing pulsed electromagnetic fields, sheds light on its considerable potential to transform healthcare outcomes and optimize economic efficiency. The emergent technology has been gaining attention for its role in chronic musculoskeletal conditions management, conditions known to impose weighty healthcare expenditures and impinge heavily [&hellip;]<\/p>\n","protected":false},"author":987,"featured_media":8499,"comment_status":"closed","ping_status":"closed","sticky":false,"template":"","format":"standard","meta":{"_acf_changed":false,"footnotes":""},"categories":[1],"tags":[],"class_list":["post-8498","post","type-post","status-publish","format-standard","has-post-thumbnail","hentry","category-blog"],"acf":[],"_links":{"self":[{"href":"https:\/\/vasculartherapydevice.com\/hu\/wp-json\/wp\/v2\/posts\/8498","targetHints":{"allow":["GET"]}}],"collection":[{"href":"https:\/\/vasculartherapydevice.com\/hu\/wp-json\/wp\/v2\/posts"}],"about":[{"href":"https:\/\/vasculartherapydevice.com\/hu\/wp-json\/wp\/v2\/types\/post"}],"author":[{"embeddable":true,"href":"https:\/\/vasculartherapydevice.com\/hu\/wp-json\/wp\/v2\/users\/987"}],"replies":[{"embeddable":true,"href":"https:\/\/vasculartherapydevice.com\/hu\/wp-json\/wp\/v2\/comments?post=8498"}],"version-history":[{"count":2,"href":"https:\/\/vasculartherapydevice.com\/hu\/wp-json\/wp\/v2\/posts\/8498\/revisions"}],"predecessor-version":[{"id":8515,"href":"https:\/\/vasculartherapydevice.com\/hu\/wp-json\/wp\/v2\/posts\/8498\/revisions\/8515"}],"wp:featuredmedia":[{"embeddable":true,"href":"https:\/\/vasculartherapydevice.com\/hu\/wp-json\/wp\/v2\/media\/8499"}],"wp:attachment":[{"href":"https:\/\/vasculartherapydevice.com\/hu\/wp-json\/wp\/v2\/media?parent=8498"}],"wp:term":[{"taxonomy":"category","embeddable":true,"href":"https:\/\/vasculartherapydevice.com\/hu\/wp-json\/wp\/v2\/categories?post=8498"},{"taxonomy":"post_tag","embeddable":true,"href":"https:\/\/vasculartherapydevice.com\/hu\/wp-json\/wp\/v2\/tags?post=8498"}],"curies":[{"name":"wp","href":"https:\/\/api.w.org\/{rel}","templated":true}]}}